{"id":104000,"date":"2007-12-02T21:32:19","date_gmt":"2007-12-02T21:32:19","guid":{"rendered":"http:\/\/localhost\/wordpress\/?p=104000"},"modified":"2008-03-25T17:53:49","modified_gmt":"2008-03-25T16:53:49","slug":"un-blog-n-est-pas-un-forum","status":"publish","type":"post","link":"https:\/\/www.monblogdefille.com\/blog\/un-blog-n-est-pas-un-forum\/","title":{"rendered":"Un blog n&rsquo;est pas un forum"},"content":{"rendered":"<p class=\"MsoNormal\"><span style=\"font-size: 10pt; font-family: Arial\">Bon les filles, cette fois il va vraiment falloir redresser la barre un grand coup.<\/span><\/p>\n<p class=\"MsoNormal\"><span style=\"font-size: 10pt; font-family: Arial\">Je l&rsquo;ai dit plusieurs fois, je le redirai jusqu\u2019\u00e0 ce que \u00e7a rentre, <strong>un blog n&rsquo;est pas un forum<\/strong>. On peut y raconter sa vie, discuter comme dans un salon girlie et cosy, mais pas parler pour ne rien dire, juste parce qu\u2019on s\u2019ennuie devant son \u00e9cran.<br \/>\nCa n\u2019est pas int\u00e9ressant et \u00e7a dilue les discussions dans des \u00e9changes st\u00e9riles et creux.<\/span><\/p>\n<p class=\"MsoNormal\"><font face=\"arial,helvetica,sans-serif\">J&rsquo;adore que vous vous sentiez chez vous ici, que de liens se tissent, que des amiti\u00e9s naissent, que des \u00e9motions soient partag\u00e9es, <\/font><font face=\"arial,helvetica,sans-serif\">que vous hurliez de rire en racontant n&rsquo;importe quoi jusqu&rsquo;\u00e0 3 heures du matin avec celle qui n&rsquo;a pas le moral ce jour-l\u00e0,<\/font><font face=\"arial,helvetica,sans-serif\"> que de la solidarit\u00e9 existe et que de le partage se d\u00e9veloppe, vraiment j&rsquo;adore, \u00e7a me met le sourire aux l\u00e8vres \u00e0 chaque fois, je ne m&rsquo;en lasserai jamais. Mais le plan \u00ab\u00a0prem&rsquo;s lol kikou mdr\u00a0\u00bb, j&rsquo;ai vraiment du mal.<br \/>\n<\/font>\n<\/p>\n<p class=\"MsoNormal\"><span style=\"font-size: 10pt; font-family: Arial\"><font face=\"arial,helvetica,sans-serif\">Le net est plein de for<\/font>ums et de chats et de msn et de dieu sait quoi encore o\u00f9 papoter sans fin et\/ou sans but, je n\u2019ai pas cr\u00e9\u00e9 cet espace pour \u00e7a mais pour le partage et la convivialit\u00e9 (qui supposent d\u2019autres pr\u00e9occupations, m\u00eame si elles sont futiles).<\/span><\/p>\n<p class=\"MsoNormal\"><span style=\"font-size: 10pt; font-family: Arial\">Et justement : la futilit\u00e9 \u00e7a n\u2019est pas la superficialit\u00e9 et la vacuit\u00e9, paradoxalement c\u2019est plus profond et plus important que \u00e7a.<\/span><\/p>\n<p class=\"MsoNormal\"><span style=\"font-size: 10pt; font-family: Arial\">Je remarque depuis quelques temps que tr\u00e8s peu de nouvelles s\u2019expriment, je pense qu\u2019elles sont rebut\u00e9es et intimid\u00e9es par l\u2019aspect de cercle ferm\u00e9 qu\u2019a pris l\u2019espace des commentaires, et que \u00e7a ne leur donne pas envie de participer.<\/span><\/p>\n<p class=\"MsoNormal\"><span style=\"font-size: 10pt; font-family: Arial\">Beaucoup des anciennes ne viennent plus, ce qui n\u2019est pas bon signe non plus.<\/span><\/p>\n<p class=\"MsoNormal\"><span style=\"font-size: 10pt; font-family: Arial\">Et pour la premi\u00e8re fois depuis deux ans, il m\u2019arrive de m\u2019ennuyer en lisant les commentaires. C\u2019est vachement mauvais signe (non c\u2019est pas parce que je m\u2019habitue, on ne s\u2019habitue jamais \u00e0 l\u2019\u00e9motion et \u00e0 l\u2019intelligence).<\/span><\/p>\n<p class=\"MsoNormal\"><span style=\"font-size: 10pt; font-family: Arial\">Je suis responsable, j\u2019ai cru que tout \u00e7a pouvait vivre joyeusement sans contr\u00f4le, ou en tout cas moins serr\u00e9, mais en fait non. Un contr\u00f4le moins serr\u00e9, c\u2019est un forum, or je n\u2019ai jamais voulu de forum sur ce blog, \u00e7a n\u2019est pas mon propos.<\/span><\/p>\n<p class=\"MsoNormal\"><span style=\"font-size: 10pt; font-family: Arial\">Si \u00e7a se poursuit dans cette voie, il n&rsquo;y aura plus de forum du dimanche, et je mod\u00e9rerai les comm&rsquo; avant publication. Autant dire que mon blog mourra, parce qu&rsquo;il ne vit que gr\u00e2ce \u00e0 la spontan\u00e9it\u00e9.<\/span><\/p>\n<p class=\"MsoNormal\"><span style=\"font-size: 10pt; font-family: Arial\">Et pour ce soir je ferme, j\u2019en ai par dessus la t\u00eate de faire le flic, c\u2019est pas ma vocation, malgr\u00e9 les apparences.<\/span><\/p>\n","protected":false},"excerpt":{"rendered":"<p>Bon les filles, cette fois il va vraiment falloir redresser la barre un grand coup. Je l&rsquo;ai dit plusieurs fois, je le redirai jusqu\u2019\u00e0 ce que \u00e7a rentre, un blog n&rsquo;est pas un forum. On&#8230;<br \/> <a class=\"read-more\" href=\"https:\/\/www.monblogdefille.com\/blog\/un-blog-n-est-pas-un-forum\/\">Lire la suite \u00bb<\/a><\/p>\n","protected":false},"author":3,"featured_media":0,"comment_status":"open","ping_status":"open","sticky":false,"template":"","format":"standard","meta":{"footnotes":""},"categories":[1495],"tags":[],"class_list":["post-104000","post","type-post","status-publish","format-standard","hentry","category-informatique-et-blogosphere"],"_links":{"self":[{"href":"https:\/\/www.monblogdefille.com\/blog\/wp-json\/wp\/v2\/posts\/104000","targetHints":{"allow":["GET"]}}],"collection":[{"href":"https:\/\/www.monblogdefille.com\/blog\/wp-json\/wp\/v2\/posts"}],"about":[{"href":"https:\/\/www.monblogdefille.com\/blog\/wp-json\/wp\/v2\/types\/post"}],"author":[{"embeddable":true,"href":"https:\/\/www.monblogdefille.com\/blog\/wp-json\/wp\/v2\/users\/3"}],"replies":[{"embeddable":true,"href":"https:\/\/www.monblogdefille.com\/blog\/wp-json\/wp\/v2\/comments?post=104000"}],"version-history":[{"count":0,"href":"https:\/\/www.monblogdefille.com\/blog\/wp-json\/wp\/v2\/posts\/104000\/revisions"}],"wp:attachment":[{"href":"https:\/\/www.monblogdefille.com\/blog\/wp-json\/wp\/v2\/media?parent=104000"}],"wp:term":[{"taxonomy":"category","embeddable":true,"href":"https:\/\/www.monblogdefille.com\/blog\/wp-json\/wp\/v2\/categories?post=104000"},{"taxonomy":"post_tag","embeddable":true,"href":"https:\/\/www.monblogdefille.com\/blog\/wp-json\/wp\/v2\/tags?post=104000"}],"curies":[{"name":"wp","href":"https:\/\/api.w.org\/{rel}","templated":true}]}}