{"id":102520,"date":"2007-11-27T11:48:31","date_gmt":"2007-11-27T11:48:31","guid":{"rendered":"http:\/\/localhost\/wordpress\/?p=102520"},"modified":"2008-03-25T16:16:22","modified_gmt":"2008-03-25T15:16:22","slug":"femme-actuelle","status":"publish","type":"post","link":"https:\/\/www.monblogdefille.com\/blog\/femme-actuelle\/","title":{"rendered":"Femme actuelle ?"},"content":{"rendered":"<p class=\"MsoNormal\"><img loading=\"lazy\" decoding=\"async\" src=\"wp-content\/themes\/default\/images\/femme_actuelle.jpg\" align=\"right\" border=\"0\" height=\"250\" width=\"247\" \/><span style=\"font-size: 10pt; font-family: Arial\">Vu que l\u2019interview a \u00e9t\u00e9 faite il y a plus de six mois, pour l\u2019actualit\u00e9 on peut pas dire que \u00e7a soit \u00e7a ;-)<br \/>\nPour le reste, comme souvent tout a \u00e9t\u00e9 tr\u00e8s compil\u00e9 pour tenir dans une page du journal (celui de cette semaine, donc), et la r\u00e9alit\u00e9 en prend un coup au passage.<br \/>\nMais je vais pas pleurer hein, Femme Actuelle c\u2019est, dixit la couv\u2019 \u00ab le magazine le plus lu en France \u00ab (c\u2019est vrai ou il se la racontent ??), c\u2019est d\u00e9j\u00e0 vachement bien ;-)<\/span>\n<\/p>\n<p class=\"MsoNormal\"><span style=\"font-size: 10pt; font-family: Arial\"><strong>PS : <\/strong>il va sans dire que le titre du papier n\u2019est pas de moi, et que la plupart des affirmations conqu\u00e9rantes qui l\u2019\u00e9maillent sont assez exag\u00e9r\u00e9es ou sorties du contexte\u2026<\/span><\/p>\n<p class=\"MsoNormal\"><font face=\"arial,helvetica,sans-serif\"><strong>Edit du 28 novembre :<\/strong> il y a peut-\u00eatre des nouvelles lectrices venues par le biais de Femme Actuelle, et qui soient sont timides, soient n&rsquo;ont pas envie de se manifester (chacune fait ce qu&rsquo;elle veut, \u00e7a doit rester un plaisir) : je leur souhaite la bienvenue parmi nous !<\/font><\/p>\n<p class=\"MsoNormal\"><font face=\"arial,helvetica,sans-serif\"><strong>Edit du 29 novembre :<\/strong> je tombe des nues, une gentille journaliste me contacte pour me signaler qu&rsquo;elle cite mon blog dans ce m\u00eame num\u00e9ro, mais page 78 cette fois, dans le cadre d&rsquo;un article g\u00e9n\u00e9ral sur les blogs ! Quelle semaine ! ;-) <\/font><\/p>\n<p class=\"MsoNormal\"><font face=\"arial,helvetica,sans-serif\"><strong>Edit du 30 novembre<\/strong> (mais o\u00f9 cela s&rsquo;arr\u00eatera-t-il ?? ;-)) : en effet David Abiker a parl\u00e9 de mon blog dans sa chronique sur France Infos hier, et m\u00eame on peut la lire et\/ou l&rsquo;\u00e9couter en allant <u><a href=\"http:\/\/france-info.com\/spip.php?article44667\" target=\"_blank\" rel=\"noopener\">sur le site de la radio<\/a><\/u>.<\/font><\/p>\n","protected":false},"excerpt":{"rendered":"<p>Vu que l\u2019interview a \u00e9t\u00e9 faite il y a plus de six mois, pour l\u2019actualit\u00e9 on peut pas dire que \u00e7a soit \u00e7a ;-) Pour le reste, comme souvent tout a \u00e9t\u00e9 tr\u00e8s compil\u00e9 pour&#8230;<br \/> <a class=\"read-more\" href=\"https:\/\/www.monblogdefille.com\/blog\/femme-actuelle\/\">Lire la suite \u00bb<\/a><\/p>\n","protected":false},"author":3,"featured_media":0,"comment_status":"open","ping_status":"open","sticky":false,"template":"","format":"standard","meta":{"footnotes":""},"categories":[1504],"tags":[],"class_list":["post-102520","post","type-post","status-publish","format-standard","hentry","category-revue-de-presse"],"_links":{"self":[{"href":"https:\/\/www.monblogdefille.com\/blog\/wp-json\/wp\/v2\/posts\/102520","targetHints":{"allow":["GET"]}}],"collection":[{"href":"https:\/\/www.monblogdefille.com\/blog\/wp-json\/wp\/v2\/posts"}],"about":[{"href":"https:\/\/www.monblogdefille.com\/blog\/wp-json\/wp\/v2\/types\/post"}],"author":[{"embeddable":true,"href":"https:\/\/www.monblogdefille.com\/blog\/wp-json\/wp\/v2\/users\/3"}],"replies":[{"embeddable":true,"href":"https:\/\/www.monblogdefille.com\/blog\/wp-json\/wp\/v2\/comments?post=102520"}],"version-history":[{"count":0,"href":"https:\/\/www.monblogdefille.com\/blog\/wp-json\/wp\/v2\/posts\/102520\/revisions"}],"wp:attachment":[{"href":"https:\/\/www.monblogdefille.com\/blog\/wp-json\/wp\/v2\/media?parent=102520"}],"wp:term":[{"taxonomy":"category","embeddable":true,"href":"https:\/\/www.monblogdefille.com\/blog\/wp-json\/wp\/v2\/categories?post=102520"},{"taxonomy":"post_tag","embeddable":true,"href":"https:\/\/www.monblogdefille.com\/blog\/wp-json\/wp\/v2\/tags?post=102520"}],"curies":[{"name":"wp","href":"https:\/\/api.w.org\/{rel}","templated":true}]}}