{"id":101576,"date":"2007-11-23T09:57:48","date_gmt":"2007-11-23T08:57:48","guid":{"rendered":"http:\/\/localhost\/wordpress\/?p=101576"},"modified":"2014-03-14T10:26:47","modified_gmt":"2014-03-14T09:26:47","slug":"les-yeux-de-noemie","status":"publish","type":"post","link":"https:\/\/www.monblogdefille.com\/blog\/les-yeux-de-noemie\/","title":{"rendered":"Maquillage yeux marrons &#8211; Les yeux de No\u00e9mie"},"content":{"rendered":"<p class=\"MsoNormal\"><span style=\"text-decoration: underline;\"><span style=\"font-size: 10pt; font-family: Arial;\">Voici ce que nous dit No\u00e9mie \u00e0 propos de ces photos<\/span><\/span><span style=\"font-size: 10pt; font-family: Arial;\"> :<\/span><\/p>\n<p class=\"MsoNormal\"><span style=\"font-size: 10pt; font-family: Arial;\"> \u00ab J&rsquo;ai vraiment besoin d&rsquo;aide concernant l&rsquo;\u00e9pilation de mes sourcils ! Comme tu peux le voir ils ont vraiment une forme tr\u00e8s bizarre, il y a une sorte de bosse par dessus sur la fin et je n&rsquo;ai jamais os\u00e9 y toucher car j&rsquo;ai toujours entendu dire qu&rsquo;il fallait toujours \u00e9piler que le dessous.<\/span><\/p>\n<p class=\"MsoNormal\"><span style=\"font-size: 10pt; font-family: Arial;\">Niveau maquillage c&rsquo;est la cata aussi, je suis tr\u00e8s d\u00e9butante ! Je t&rsquo;ai mis un exemple du seul maquillage que je fais, environ une fois par mois quand je suis vraiment motiv\u00e9e (sinon c&rsquo;est rien du tout). <\/span><\/p>\n<p class=\"MsoNormal\"><img loading=\"lazy\" decoding=\"async\" alt=\"\" src=\"wp-content\/themes\/default\/images\/noemie2.JPG\" width=\"500\" height=\"212\" border=\"0\" \/><\/p>\n<p class=\"MsoNormal\"><span style=\"font-size: 10pt; font-family: Arial;\">Rose au coin interne, parme ensuite et mascara noir. Tu remarqueras que je ne sais vraiment pas mettre le mascara \u00e7a fait des gros paquets ! J&rsquo;ai mis un peu d&rsquo;anti-cernes, mais je remarque que c&rsquo;est pas flagrant sur la photo.<\/span><\/p>\n<p><img loading=\"lazy\" decoding=\"async\" alt=\"\" src=\"wp-content\/themes\/default\/images\/noemie3.JPG\" width=\"500\" height=\"219\" border=\"0\" \/><\/p>\n<p class=\"MsoNormal\"><span style=\"font-size: 10pt; font-family: Arial;\">Bref je suis un cas d\u00e9sesp\u00e9r\u00e9, j&rsquo;esp\u00e8re que tu accepteras de relever le d\u00e9fi !<\/span><\/p>\n<p class=\"MsoNormal\"><span style=\"font-size: 10pt; font-family: Arial;\">Merci d&rsquo;avance ! \u00bb<\/span><\/p>\n<p class=\"MsoNormal\"><span style=\"text-decoration: underline;\"><span style=\"font-size: 10pt; font-family: Arial;\">Voil\u00e0 ce que j\u2019en pense<\/span><\/span><span style=\"font-size: 10pt; font-family: Arial;\"> :<\/span><\/p>\n<p class=\"MsoNormal\"><span style=\"font-size: 10pt; font-family: Arial;\">Waow, des sourcils enti\u00e8rement naturels, c\u2019est super rare ! Ils sont mignons, on dirait des sourcils de b\u00e9b\u00e9 ;-) <\/span><\/p>\n<p class=\"MsoNormal\"><span style=\"font-size: 10pt; font-family: Arial;\">Bon cela dit je suis d\u2019accord, \u00e7a fera plus net et \u00e7a t\u2019ouvrira le regard si tu en enl\u00e8ves un peu. Alors avec ma dext\u00e9rit\u00e9 habituelle (trad = je sais, c\u2019est hyper mal fait, interdiction de ricaner), j\u2019a essay\u00e9 de bidouiller la premi\u00e8re photo pour te montrer grosso modo ce que j\u2019enl\u00e8verais.<\/span><\/p>\n<p><img loading=\"lazy\" decoding=\"async\" alt=\"\" src=\"wp-content\/themes\/default\/images\/noemie4.jpg\" width=\"500\" height=\"209\" border=\"0\" \/><\/p>\n<p class=\"MsoNormal\"><span style=\"font-size: 10pt; font-family: Arial;\">Je n\u2019ai fait que l\u2019oeil droit, pour que tu voies la diff\u00e9rence.<br \/>\nDonc \u00e7a se confirme, tu peux \u00e9piler le dessous ET le dessus ;-)<\/span><\/p>\n<p class=\"MsoNormal\"><span style=\"font-size: 10pt; font-family: Arial;\">Pour le maquillage, tu as la peau transparente et fra\u00eeche, les yeux noisettes, tout doit t\u2019aller.<br \/>\nBon certes tu as des lunettes rouges, mais personne n\u2019est parfait (je rigoooole ;-)).<\/span><\/p>\n<p class=\"MsoNormal\"><span style=\"font-size: 10pt; font-family: Arial;\">Le maquillage que tu as fait ici (tr\u00e8s bien r\u00e9alis\u00e9, d\u2019ailleurs) fait tr\u00e8s oiseau des \u00eeles, je le garderais peut-\u00eatre pour les vacances, ou des occasions d\u00e9tendues et festives, un peu exotiques (je ne sais pas si je suis claire ?? ;-).<\/span><\/p>\n<p class=\"MsoNormal\"><span style=\"font-size: 10pt; font-family: Arial;\">Pour un quotidien plus facile, j\u2019essaierais volontiers, avec tes couleurs de peau et d\u2019yeux (et de lunettes), des verts : kaki, bronze, vert fonc\u00e9, avec du du champagne dor\u00e9 pour \u00e9clairer.<br \/>\nBien s\u00fbr tous les bruns et marrons t\u2019iront aussi, mais c\u2019est moins original.<br \/>\nSi tu prends du brun, prends-le assez dor\u00e9, chaud, pas mat ni taupe.<\/span><\/p>\n<p class=\"MsoNormal\"><span style=\"font-size: 10pt; font-family: Arial;\">Si tu aimes poser les couleurs de cette fa\u00e7on, une \u00e0 l\u2019int\u00e9rieur, une \u00e0 l\u2019ext\u00e9rieur, tu peux continuer \u00e0 le faire avec le champagne \u00e0 l\u2019int\u00e9rieur et le vert ou le brun \u00e0 l\u2019ext\u00e9rieur.<br \/>\nA ce moment-l\u00e0 essaye juste de les fondre un peu plus l\u2019une dans l\u2019autre, en prolongeant un peu la couleur claire sur la fonc\u00e9e, et en \u00e9tirant la fonc\u00e9e en trait au ras des cils un peu plus vers l\u2019int\u00e9rieur de l\u2019oeil.<\/span><\/p>\n<p class=\"MsoNormal\"><span style=\"font-size: 10pt; font-family: Arial;\">Sinon tu peux d\u00e9cider de ne pas t\u2019emb\u00eater, de poser la couleur fonc\u00e9e en \u00e0-plat sur la paupi\u00e8re mobile, de mettre une touche de clair au milieu de la paupi\u00e8re fixe, sous le sourcil pour \u00e9clairer, et roule !<\/span><\/p>\n<p class=\"MsoNormal\"><span style=\"font-size: 10pt; font-family: Arial;\">Je reviens \u00e9videmment \u00e0 ma marotte, le trait de fard l\u00e9ger au ras des cils du bas sur les deux tiers de la paupi\u00e8re inf\u00e9rieure, qui \u00ab finit \u00bb agr\u00e9ablement le maquillage, surtout quand on a des lunettes et qu\u2019il se voit moins.<\/span><\/p>\n<p class=\"MsoNormal\"><span style=\"font-size: 10pt; font-family: Arial;\">Pour finir, du mascara noir recourbant et allongeant sur les cils du haut (tu peux en mettre deux couches sans probl\u00e8me).<br \/>\nJe vois pas tellement de paquets dans ce que tu as fait, mais si tu veux les \u00e9viter pose la brosse \u00e0 la racine de tes cils, et fais-la glisser vers la pointe mais en faisant de l\u00e9gers zig zag, pas tout droit. Ca s\u00e9pare mieux les cils.<br \/>\nEt si \u00e7a continue \u00e0 faire des paquets, essuie la brosse de ton mascara dans un kleenex avant de maquiller tes cils, il y a souvent trop de produit sur la brosse, c\u2019est ce qui fait les paquets.<\/span><\/p>\n<p class=\"MsoNormal\"><span style=\"font-size: 10pt; font-family: Arial;\">Et tu n\u2019as pas r\u00e9ellement besoin d\u2019anti-cernes ;-)<\/span><\/p>\n<p class=\"MsoNormal\"><span style=\"font-size: 10pt; font-family: Arial;\">Qu\u2019en penses-tu ? Et vous les filles ?<\/span><\/p>\n<p class=\"MsoNormal\"><strong><span style=\"text-decoration: underline;\"><span style=\"font-size: 10pt; font-family: Arial;\">La suite :<\/span><\/span><\/strong><\/p>\n<p class=\"MsoNormal\"><span style=\"text-decoration: underline;\"><span style=\"font-size: 10pt; font-family: Arial;\">No\u00e9mie nous dit :<\/span><\/span><\/p>\n<p class=\"MsoNormal\"><span style=\"font-size: 10pt; font-family: Arial;\">\u00ab Voil\u00e0 le premier essai ! D\u00e9sol\u00e9e je ne peux pas prendre les photos devant un miroir comme tu le conseilles, je n&rsquo;ai pas de miroir bien plac\u00e9, \u00e7a fait des photos trop sombres.<\/span><\/p>\n<p class=\"MsoNormal\"><img loading=\"lazy\" decoding=\"async\" alt=\"\" src=\"wp-content\/themes\/default\/images\/noemie5.jpg\" width=\"500\" height=\"234\" border=\"0\" \/><\/p>\n<p class=\"MsoNormal\"><img loading=\"lazy\" decoding=\"async\" alt=\"\" src=\"wp-content\/themes\/default\/images\/noemie6.jpg\" width=\"500\" height=\"224\" border=\"0\" \/><\/p>\n<p class=\"MsoNormal\"><span style=\"font-size: 10pt; font-family: Arial;\">Vert fonc\u00e9 et champagne et DEUX couches de mascara ! Je n&rsquo;ai vraiment pas l&rsquo;habitude de couleurs aussi fonc\u00e9es, pour moi \u00e7a ne fait pas maquillage de tous les jours.<br \/>\nQu&rsquo;en penses tu ?<\/span><\/p>\n<p class=\"MsoNormal\"><span style=\"font-size: 10pt; font-family: Arial;\">Pour le trait sur la paupi\u00e8re inf\u00e9rieure je crois que je n&rsquo;ai pas bien compris parce que je ne vois pas ce que \u00e7a apporte. D\u00e9j\u00e0 j&rsquo;ai mis la couleur la plus claire est ce que c&rsquo;est bien \u00e7a ? Et je n&rsquo;arrive pas \u00e0 faire un trait tout fin, mais c&rsquo;est peu \u00eatre parce que je n&rsquo;ai pas le bon mat\u00e9riel, j&rsquo;ai utilis\u00e9 le petit truc en mousse fourni avec le fard.<\/span><\/p>\n<p class=\"MsoNormal\"><span style=\"font-size: 10pt; font-family: Arial;\">Et je suis assez fi\u00e8re des sourcils ! Comment les trouves tu ? <\/span><\/p>\n<p class=\"MsoNormal\"><img loading=\"lazy\" decoding=\"async\" alt=\"\" src=\"wp-content\/themes\/default\/images\/noemie7.jpg\" width=\"500\" height=\"208\" border=\"0\" \/><\/p>\n<p class=\"MsoNormal\"><img loading=\"lazy\" decoding=\"async\" alt=\"\" src=\"wp-content\/themes\/default\/images\/noemie8.jpg\" width=\"500\" height=\"218\" border=\"0\" \/><\/p>\n<p class=\"MsoNormal\"><span style=\"font-size: 10pt; font-family: Arial;\">Le 2\u00e8me essai ne me satisfait pas vraiment ! Mais bon c&rsquo;est du kaki pour vous faire plaisir !<br \/>\nJ&rsquo;ai trouv\u00e9 une boite de fard kaki \u00e0 1\u20ac50 alors je l&rsquo;ai prise pour que vous voyiez ce que \u00e7a donne. Mais bon du coup c&rsquo;est tellement de la mauvaise qualit\u00e9 que \u00e7a ne colore pas beaucoup, j&rsquo;ai d\u00e9j\u00e0 presque tout utilis\u00e9 pour faire juste les deux yeux !<\/span><\/p>\n<p class=\"MsoNormal\"><span style=\"font-size: 10pt; font-family: Arial;\">J&rsquo;ai mis du monobulle Agn\u00e8s B sable d&rsquo;or au dessus sur la paupi\u00e8re fixe, endroit que je ne maquille jamais d&rsquo;habitude donc je ne sais pas si c&rsquo;est bien fait. Est ce que je dois monter plus haut encore ? Ca ne se voit pas beaucoup quand j&rsquo;ai les yeux ouverts. D&rsquo;ailleurs je remarque en voyant les photos que les deux c\u00f4t\u00e9s ne sont pas \u00e0 la m\u00eame hauteur ! On va dire que c&rsquo;est fait expr\u00e8s pour comparer ! \u00bb<\/span><\/p>\n<p class=\"MsoNormal\"><span style=\"text-decoration: underline;\"><span style=\"font-size: 10pt; font-family: Arial;\">J\u2019en dis :<\/span><\/span><\/p>\n<p class=\"MsoNormal\"><span style=\"font-size: 10pt; font-family: Arial;\">Alors perso je pr\u00e9f\u00e8re le second maquillage au premier, d\u2019abord parce que le fard est pos\u00e9 de fa\u00e7on plus fondue et r\u00e9guli\u00e8re, ensuite parce qu\u2019il est plus doux et te \u00ab ressemble \u00bb plus, \u00e0 mon avis.<\/span><\/p>\n<p class=\"MsoNormal\"><span style=\"font-size: 10pt; font-family: Arial;\">Et puis j\u2019aime beaucoup le sable d\u2019or pos\u00e9 sur la paupi\u00e8re fixe (en effet tu peux remonter un tout petit peu plus hait), \u00e7a \u00e9claire vraiment le regard !<\/span><\/p>\n<p class=\"MsoNormal\"><span style=\"font-size: 10pt; font-family: Arial;\">J\u2019essaierais bien, quand m\u00eame, de poser le vert fonc\u00e9 de fa\u00e7on plus estomp\u00e9e, quitte \u00e0 mettre plus de champagne pour le fondre de fa\u00e7on plus r\u00e9guli\u00e8re.<\/span><\/p>\n<p class=\"MsoNormal\"><span style=\"font-size: 10pt; font-family: Arial;\">Et surtout j\u2019en mettrais un trait fin, au pinceau, au ras des cils inf\u00e9rieurs, \u00e7a termine tr\u00e8s joliment le maquillage et \u00e7a mettrait en valeur la forme de tes yeux. Ca tu peux le faire avec tous les fards, \u00e7a marche avec toutes les couleurs<br \/>\nfonc\u00e9es.<\/span><\/p>\n<p class=\"MsoNormal\"><span style=\"font-size: 10pt; font-family: Arial;\">Bon maintenant tu nous montres du brun ? ;-)<\/span><\/p>\n<p class=\"MsoNormal\"><span style=\"font-size: 10pt; font-family: Arial;\">Ton \u00e9pilation des sourcils est top, chapeau ! Il reste \u00e0 peine quelques poils \u00e0 retirer sur le dessous. Mais vraiment quelques une, pas plus, et si tu n\u2019as pas envie, laisse comme \u00e7a.<\/span><\/p>\n<p class=\"MsoNormal\"><span style=\"font-size: 10pt; font-family: Arial;\">Voici une photo retouch\u00e9e tr\u00e8s gentiment par Aurore qui me l\u2019a envoy\u00e9e par mail pour toi : elle dessins super bien et \u00e7a rend bien l\u2019id\u00e9e de la technique d\u2019application du maquillage, m\u00eame si on n\u2019est pas oblig\u00e9e d\u2019\u00eatre fan des couleurs (le jaune est un peu \u00e9trange ;-).<\/span><\/p>\n<p class=\"MsoNormal\"><img loading=\"lazy\" decoding=\"async\" alt=\"\" src=\"wp-content\/themes\/default\/images\/noemie9.jpg\" width=\"500\" height=\"201\" border=\"0\" \/><\/p>\n<p class=\"MsoNormal\"><span style=\"font-size: 10pt; font-family: Arial;\">Tu vois ce que je veux dire, pour le trait au ras des cils inf\u00e9rieurs ? Avec cette photo on se rend bien mieux compte, je trouve.<\/span><\/p>\n<p class=\"MsoNormal\"><span style=\"font-size: 10pt; font-family: Arial;\">Qu\u2019est-ce que vous pensez de tout \u00e7a le filles ?<\/span><\/p>\n<p class=\"MsoNormal\">\n<p class=\"MsoNormal\"><strong><span style=\"text-decoration: underline;\"><span style=\"font-size: 10pt; font-family: Arial;\">La suite de la suite :<\/span><\/span><\/strong><\/p>\n<p class=\"MsoNormal\"><span style=\"text-decoration: underline;\"><span style=\"font-size: 10pt; font-family: Arial;\">No\u00e9mie :<\/span><\/span><\/p>\n<p class=\"MsoNormal\"><span style=\"font-size: 10pt; font-family: Arial;\">\u00ab Voici un essai en brun, un peu fonc\u00e9 \u00e0 mon go\u00fbt, il faudra que je m&rsquo;en trouve un plus clair.<\/span><\/p>\n<p><img loading=\"lazy\" decoding=\"async\" alt=\"\" src=\"wp-content\/themes\/default\/images\/noemie10.jpg\" width=\"500\" height=\"208\" border=\"0\" \/><br \/>\n<img loading=\"lazy\" decoding=\"async\" alt=\"\" src=\"wp-content\/themes\/default\/images\/noemie11.jpg\" width=\"500\" height=\"214\" border=\"0\" \/><\/p>\n<p class=\"MsoNormal\"><span style=\"font-size: 10pt; font-family: Arial;\">J&rsquo;ai mis du sable d&rsquo;or pour l&rsquo;oeil droit et du rose p\u00e2le pour l&rsquo;oeil gauche comme le sugg\u00e9rait Kika dans les commentaires. Personnellement je pr\u00e9f\u00e8re sable d&rsquo;or.<\/span><\/p>\n<p class=\"MsoNormal\"><span style=\"font-size: 10pt; font-family: Arial;\">Pour le trait en dessous de l&rsquo;oeil, je n&rsquo;y arrive toujours pas&#8230; mais je m&rsquo;entra\u00eene ! \u00bb<\/span><\/p>\n<p class=\"MsoNormal\"><span style=\"text-decoration: underline;\"><span style=\"font-size: 10pt; font-family: Arial;\">J\u2019en pense :<\/span><\/span><\/p>\n<p class=\"MsoNormal\"><span style=\"font-size: 10pt; font-family: Arial;\">M\u00eame si je pr\u00e9f\u00e8re le vert, le marron avec le sable d\u2019or n\u2019est pas mal. Il faut juste en mettre un peu moins, comme sur la paupi\u00e8re qui a du rose. Si tu estompes plus \u00e7a sera plus joli, je crois qu\u2019il te faut d\u00e9finitivement un ou deux bons pinceaux ! ;-)<\/span><\/p>\n<p class=\"MsoNormal\"><span style=\"font-size: 10pt; font-family: Arial;\">En revanche je ne sais pas si Kika parlait de cette fa\u00e7on d\u2019appliquer le fard, Kika tu es l\u00e0 pour nous \u00e9clairer ? ;-)<\/span><\/p>\n<p class=\"MsoNormal\"><span style=\"font-size: 10pt; font-family: Arial;\">D\u2019une mani\u00e8re g\u00e9n\u00e9rale il me semble qu\u2019il te faut un maquillage assez doux, c\u2019est ce qui va \u00e0 ton visage. Donc n\u2019h\u00e9site pas \u00e0 bien travailler les couleurs pour les fondre les unes dans les autres.<\/span><\/p>\n<p class=\"MsoNormal\"><span style=\"font-size: 10pt; font-family: Arial;\">Et attention au mascara, sur ces photos il fait un peu des paquets sur l\u2019\u0153il droit, en effet ;-)<\/span><\/p>\n<p class=\"MsoNormal\"><span style=\"font-size: 10pt; font-family: Arial;\">Qu\u2019en penses-tu ? Les filles ?<\/span><\/p>\n","protected":false},"excerpt":{"rendered":"<p><img decoding=\"async\" src=\"http:\/\/www.monblogdefille.com\/blog\/wp-content\/uploads\/2008\/03\/noemie2-200.jpg\" alt=\"noemie2-200.jpg\" \/><\/p>\n","protected":false},"author":3,"featured_media":0,"comment_status":"open","ping_status":"open","sticky":false,"template":"","format":"standard","meta":{"footnotes":""},"categories":[1],"tags":[],"class_list":["post-101576","post","type-post","status-publish","format-standard","hentry","category-uncategorized"],"_links":{"self":[{"href":"https:\/\/www.monblogdefille.com\/blog\/wp-json\/wp\/v2\/posts\/101576","targetHints":{"allow":["GET"]}}],"collection":[{"href":"https:\/\/www.monblogdefille.com\/blog\/wp-json\/wp\/v2\/posts"}],"about":[{"href":"https:\/\/www.monblogdefille.com\/blog\/wp-json\/wp\/v2\/types\/post"}],"author":[{"embeddable":true,"href":"https:\/\/www.monblogdefille.com\/blog\/wp-json\/wp\/v2\/users\/3"}],"replies":[{"embeddable":true,"href":"https:\/\/www.monblogdefille.com\/blog\/wp-json\/wp\/v2\/comments?post=101576"}],"version-history":[{"count":0,"href":"https:\/\/www.monblogdefille.com\/blog\/wp-json\/wp\/v2\/posts\/101576\/revisions"}],"wp:attachment":[{"href":"https:\/\/www.monblogdefille.com\/blog\/wp-json\/wp\/v2\/media?parent=101576"}],"wp:term":[{"taxonomy":"category","embeddable":true,"href":"https:\/\/www.monblogdefille.com\/blog\/wp-json\/wp\/v2\/categories?post=101576"},{"taxonomy":"post_tag","embeddable":true,"href":"https:\/\/www.monblogdefille.com\/blog\/wp-json\/wp\/v2\/tags?post=101576"}],"curies":[{"name":"wp","href":"https:\/\/api.w.org\/{rel}","templated":true}]}}