{"id":100587,"date":"2007-11-19T09:14:48","date_gmt":"2007-11-19T08:14:48","guid":{"rendered":"http:\/\/localhost\/wordpress\/?p=100587"},"modified":"2010-11-25T13:44:40","modified_gmt":"2010-11-25T12:44:40","slug":"il-faut-que-je-vous-parle-du-teint","status":"publish","type":"post","link":"https:\/\/www.monblogdefille.com\/blog\/il-faut-que-je-vous-parle-du-teint\/","title":{"rendered":"Il faut que je vous parle du teint"},"content":{"rendered":"<p class=\"MsoNormal\"><img loading=\"lazy\" decoding=\"async\" src=\"wp-content\/themes\/default\/images\/poudre.jpg\" border=\"0\" alt=\"\" width=\"250\" height=\"188\" align=\"right\" \/><span style=\"font-size: 10pt; font-family: Arial\">\u2026 et de sa couleur.<br \/>\nParce que quand je vois dans la rue ou le m\u00e9tro, ce que certaines font \u00e0 leur visage, je me dis que bien des filles ne savent pas comment \u00e7a marche, le teint (on devrait enseigner \u00e7a en classe de seconde, pendant ce temps les mecs apprendraient \u00e0 repasser les chemises, \u00e7a serait tout b\u00e9n\u00e8f pour tout le monde).<br \/>\n<\/span><\/p>\n<p class=\"MsoNormal\"><span style=\"font-size: 10pt; font-family: Arial\">Le fond de teint, comme son nom l\u2019indique, sert \u00e0 lisser et uniformiser le teint. Pas \u00e0 changer la couleur de la peau et \u00e0 donner bonne mine ou l\u2019air bronz\u00e9, malheureuses !<br \/>\nPour la bonne mine il y a le blush, et pour l\u2019air bronz\u00e9 il y a les vacances (si pas de vacances, pas de bronzage, et c\u2019est toujours \u00e7a de gagn\u00e9 sur le cancer, pof).<br \/>\nC\u00f4t\u00e9 poudre, m\u00eame combat : elle sert \u00e0 fixer le fond de teint et \u00e0 velouter la peau, pas \u00e0 donner l\u2019air bronz\u00e9e, je le mart\u00e8lerai vigoureusement aussi longtemps qu\u2019il le faudra.<br \/>\nJ\u2019aimerais donc lancer un vibrant plaidoyer en faveur du fond de teint et de la poudre DE LA MEME COULEUR QUE LA PEAU.<br \/>\n<\/span><\/p>\n<p class=\"MsoNormal\"><span style=\"font-size: 10pt; font-family: Arial\">J\u2019en entends dans le fond qui murmurent \u00ab ah ben non hein, moi je suis super p\u00e2le, c\u2019est pas possible, je dois r\u00e9chauffer un peu tout \u00e7a sinon j\u2019ai l\u2019air d\u2019une endive \u00bb. Et paf, elles collent un grand coup de terracotta par-dessus leur fond de teint, foutant en l\u2019air tous les efforts du gentil maquilleur Armani qui les a conseill\u00e9es pendant trois plombes pour le choix de la couleur.<br \/>\nOr la terracotta, voyez, c\u2019est fait pour accentuer et illuminer le bronzage quand il y en a. Pas pour en cr\u00e9er un artificiel et vous donner l\u2019air d\u2019une carotte g\u00e9ante quand c\u2019est novembre-sur-loose (m\u00eame chose pour l\u2019autobronzant : non, non, non, par piti\u00e9, pas l\u2019hiver !!).<br \/>\n<\/span><\/p>\n<p class=\"MsoNormal\"><span style=\"font-size: 10pt; font-family: Arial\">Il va donc falloir assumer (\u00e0 mort) votre couleur de peau naturelle, et ne pas essayer de la changer gr\u00e2ce au maquillage, mais de la sublimer comme on dit dans les pubs.<br \/>\nD\u00e9j\u00e0 \u00e7a ne fera plus de traces oranges sur vos cols roul\u00e9s, ce qui serait en soi une raison valable de tenter l\u2019aventure, et puis vous serez bien plus classe (\u00eatre orange, quelle que soit la saison, \u00e7a n\u2019est pas classe, je suis au regret de vous le confirmer).<br \/>\nSi vraiment vous avez un t\u00eate de vampire, un bon coup de blush rose et un gloss cerise raviveront tout \u00e7a (je parle en connaissance de cause, je fais au naturel un vampire tr\u00e8s convaincant).<br \/>\nL\u2019hiver il vaut mieux avoir l\u2019air d\u2019une fra\u00eeche belle des champs que d\u2019une pr\u00e9sentatrice de la t\u00e9l\u00e9 syrienne*, pour r\u00e9sumer (l\u2019\u00e9t\u00e9 aussi, \u00e0 vrai dire, mais une saison \u00e0 la fois et les vaches seront bien gard\u00e9es \u2013 ou c\u2019est les poules ?? bon sang, je me rappelle plus !).<br \/>\n<\/span>\n<\/p>\n<p class=\"MsoNormal\"><span style=\"font-size: 10pt; font-family: Arial\">*pr\u00e9sentatrices contre lesquelles je n\u2019ai rien, mais qui ne correspondent pas \u00e0 l\u2019id\u00e9e que je me fais du chic et de l\u2019\u00e9l\u00e9gance ;-)<\/span><\/p>\n","protected":false},"excerpt":{"rendered":"<p>\u2026 et de sa couleur. Parce que quand je vois dans la rue ou le m\u00e9tro, ce que certaines font \u00e0 leur visage, je me dis que bien des filles ne savent pas comment \u00e7a&#8230;<br \/> <a class=\"read-more\" href=\"https:\/\/www.monblogdefille.com\/blog\/il-faut-que-je-vous-parle-du-teint\/\">Lire la suite \u00bb<\/a><\/p>\n","protected":false},"author":3,"featured_media":0,"comment_status":"open","ping_status":"open","sticky":false,"template":"","format":"standard","meta":{"footnotes":""},"categories":[1485],"tags":[20088,19975],"class_list":["post-100587","post","type-post","status-publish","format-standard","hentry","category-le-maquillage","tag-fond-de-teint","tag-teint-parfait"],"_links":{"self":[{"href":"https:\/\/www.monblogdefille.com\/blog\/wp-json\/wp\/v2\/posts\/100587","targetHints":{"allow":["GET"]}}],"collection":[{"href":"https:\/\/www.monblogdefille.com\/blog\/wp-json\/wp\/v2\/posts"}],"about":[{"href":"https:\/\/www.monblogdefille.com\/blog\/wp-json\/wp\/v2\/types\/post"}],"author":[{"embeddable":true,"href":"https:\/\/www.monblogdefille.com\/blog\/wp-json\/wp\/v2\/users\/3"}],"replies":[{"embeddable":true,"href":"https:\/\/www.monblogdefille.com\/blog\/wp-json\/wp\/v2\/comments?post=100587"}],"version-history":[{"count":0,"href":"https:\/\/www.monblogdefille.com\/blog\/wp-json\/wp\/v2\/posts\/100587\/revisions"}],"wp:attachment":[{"href":"https:\/\/www.monblogdefille.com\/blog\/wp-json\/wp\/v2\/media?parent=100587"}],"wp:term":[{"taxonomy":"category","embeddable":true,"href":"https:\/\/www.monblogdefille.com\/blog\/wp-json\/wp\/v2\/categories?post=100587"},{"taxonomy":"post_tag","embeddable":true,"href":"https:\/\/www.monblogdefille.com\/blog\/wp-json\/wp\/v2\/tags?post=100587"}],"curies":[{"name":"wp","href":"https:\/\/api.w.org\/{rel}","templated":true}]}}